{"id":3704,"date":"2026-09-02T18:24:47","date_gmt":"2026-09-02T18:24:47","guid":{"rendered":"https:\/\/r.unv-informacion.xyz\/?p=3704"},"modified":"2026-09-02T18:24:49","modified_gmt":"2026-09-02T18:24:49","slug":"asi-lucen-hoy-los-padres-mas-jovenes-de-reino-unido-una-historia-que-dio-la-vuelta-al-mundo","status":"publish","type":"post","link":"https:\/\/r.unv-informacion.xyz\/?p=3704","title":{"rendered":"As\u00ed lucen hoy los padres m\u00e1s j\u00f3venes de Reino Unido, una historia que dio la vuelta al mundo"},"content":{"rendered":"\n<p>En el a\u00f1o 2009, una historia procedente de Inglaterra dio la vuelta al mundo en cuesti\u00f3n de d\u00edas, las fotograf\u00edas mostraban a dos adolescentes junto a una beb\u00e9 reci\u00e9n nacida y los titulares presentaban a Alfie Patten como uno de los padres m\u00e1s j\u00f3venes del Reino Unido.<\/p>\n\n\n\n<p>\u00c9l ten\u00eda apenas 13 a\u00f1os cuando naci\u00f3 la peque\u00f1a Maisie, mientras que Chantelle Steadman, la madre de la ni\u00f1a, ten\u00eda 15.<\/p>\n\n\n\n<p>La noticia provoc\u00f3 un enorme debate sobre embarazo adolescente, educaci\u00f3n reproductiva y responsabilidad familiar. Sin embargo, pocas semanas despu\u00e9s ocurri\u00f3 algo que cambi\u00f3 completamente la historia.<\/p>\n\n\n\n<p>Una historia que comenz\u00f3 cuando todav\u00eda eran ni\u00f1os<br>Alfie Patten y Chantelle Steadman viv\u00edan en East Sussex, Inglaterra, y se conoc\u00edan desde muy j\u00f3venes. Cuando Chantelle qued\u00f3 embarazada, inicialmente se crey\u00f3 que Alfie era el padre.<\/p>\n\n\n\n<figure class=\"wp-block-image size-full\"><img src=\"https:\/\/acentofinal.xyz\/wp-content\/uploads\/2026\/09\/Captura-de-pantalla-2026-08-31-a-las-10.23.04-a.-m-768x965-1.png\" alt=\"\" class=\"wp-image-5337\"\/><\/figure>\n\n\n\n<p>La situaci\u00f3n llam\u00f3 especialmente la atenci\u00f3n porque el adolescente ten\u00eda una apariencia extremadamente juvenil , tras el nacimiento de Maisie en febrero de 2009, Alfie comenz\u00f3 incluso a comportarse p\u00fablicamente como el padre de la peque\u00f1a.<\/p>\n\n\n\n<p>Peri\u00f3dicos, fot\u00f3grafos y equipos de televisi\u00f3n comenzaron a seguir cada detalle de sus vidas, la magnitud de la cobertura fue tan grande que el asunto termin\u00f3 siendo mencionado por importantes figuras pol\u00edticas brit\u00e1nicas.<\/p>\n\n\n\n<figure class=\"wp-block-image size-full\"><img src=\"https:\/\/acentofinal.xyz\/wp-content\/uploads\/2026\/09\/Captura-de-pantalla-2026-08-31-a-las-10.23.21-a.-m-768x587-1.png\" alt=\"\" class=\"wp-image-5336\"\/><\/figure>\n\n\n\n<p>Documentos judiciales posteriores describieron la situaci\u00f3n alrededor de los adolescentes como una aut\u00e9ntica avalancha medi\u00e1tica.<\/p>\n\n\n\n<p>La prueba de ADN que cambi\u00f3 todo<br>Las dudas sobre la paternidad comenzaron a aparecer poco despu\u00e9s del nacimiento, finalmente se realizaron pruebas de ADN. El resultado fue contundente: Alfie Patten no era el padre biol\u00f3gico de Maisie.<\/p>\n\n\n\n<p>El verdadero padre era otro adolescente de apenas 14 a\u00f1os llamado Tyler Barker, que ten\u00eda 14 a\u00f1os cuando la ni\u00f1a fue concebida.<\/p>\n\n\n\n<p>Para Alfie, la noticia habr\u00eda supuesto un fuerte golpe emocional, durante semanas hab\u00eda visitado a la beb\u00e9, la hab\u00eda alimentado y hab\u00eda asumido que formar\u00eda parte de su vida.<\/p>\n\n\n\n<figure class=\"wp-block-image size-full\"><img src=\"https:\/\/acentofinal.xyz\/wp-content\/uploads\/2026\/09\/Captura-de-pantalla-2026-08-31-a-las-10.23.47-a.-m-768x809-1.png\" alt=\"\" class=\"wp-image-5335\"\/><\/figure>\n\n\n\n<p>Despu\u00e9s de conocerse el resultado, Chantelle y su familia se mudaron y Alfie dej\u00f3 de tener contacto con Maisie.<\/p>\n\n\n\n<p>Aunque gran parte de la cobertura internacional se concentr\u00f3 en Alfie, los documentos judiciales de aquella \u00e9poca tambi\u00e9n revelaron el impacto que la exposici\u00f3n p\u00fablica tuvo sobre Chantelle.<\/p>\n\n\n\n<p>La adolescente asegur\u00f3 que lloraba con frecuencia debido a algunas de las cosas que se publicaban y a los comentarios que recib\u00eda de desconocidos.<\/p>\n\n\n\n<p>Las autoridades llegaron a mostrar preocupaci\u00f3n por el posible efecto que aquella presi\u00f3n pod\u00eda tener sobre ella y sobre su relaci\u00f3n con su hija.<\/p>\n\n\n\n<p>\u00bfQu\u00e9 pas\u00f3 con Alfie cuando creci\u00f3?<br>Con el paso de los a\u00f1os, las c\u00e1maras desaparecieron, pero Alfie volvi\u00f3 a aparecer ocasionalmente en los medios brit\u00e1nicos. En el a\u00f1o 2019, cuando ten\u00eda 23 a\u00f1os, atravesaba una etapa especialmente complicada.<\/p>\n\n\n\n<figure class=\"wp-block-image size-full\"><img src=\"https:\/\/acentofinal.xyz\/wp-content\/uploads\/2026\/09\/Captura-de-pantalla-2026-08-31-a-las-10.23.31-a.-m-768x456-1.png\" alt=\"\" class=\"wp-image-5334\"\/><\/figure>\n\n\n\n<p>Durante un proceso judicial se inform\u00f3 que estaba desempleado y enfrentaba graves problemas relacionados con el consumo de alcohol. Tambi\u00e9n acumulaba antecedentes por diferentes delitos.<\/p>\n\n\n\n<p>Seg\u00fan la informaci\u00f3n presentada ante el tribunal, beb\u00eda diariamente y su m\u00e9dico consideraba que necesitaba ayuda para controlar el problema.<\/p>\n\n\n\n<p>La jueza que analiz\u00f3 su caso tambi\u00e9n manifest\u00f3 preocupaci\u00f3n por las consecuencias que aquellas cantidades de alcohol pod\u00edan tener para su salud.<\/p>\n\n\n\n<p>La situaci\u00f3n volvi\u00f3 a generar titulares en 2021.<br>Informaciones publicadas posteriormente se\u00f1alaron que Alfie y su madre tuvieron que abandonar la vivienda donde resid\u00edan despu\u00e9s de que las autoridades obtuvieran una orden relacionada con actividad de drogas y comportamiento antisocial en la propiedad.<\/p>\n\n\n\n<p>Durante el procedimiento judicial se se\u00f1al\u00f3 que la vivienda estaba siendo utilizada para actividades relacionadas con la venta de drogas y que los problemas estaban afectando al vecindario.<\/p>\n\n\n\n<p>No obstante, las informaciones disponibles no permiten atribuir autom\u00e1ticamente a Alfie personalmente todas las actividades que supuestamente ocurr\u00edan dentro de la vivienda.<\/p>\n\n\n\n<figure class=\"wp-block-image size-full\"><img src=\"https:\/\/acentofinal.xyz\/wp-content\/uploads\/2026\/09\/Captura-de-pantalla-2026-08-31-a-las-1.37.56-p.-m-768x673-1.png\" alt=\"\" class=\"wp-image-5333\"\/><\/figure>\n\n\n\n<p><strong>\u00bfC\u00f3mo est\u00e1 Alfie Patten actualmente?<\/strong><br>Aqu\u00ed existe una diferencia importante entre lo que est\u00e1 comprobado y lo que puede encontrarse circulando en internet.<\/p>\n\n\n\n<p>Las \u00faltimas informaciones p\u00fablicas ampliamente difundidas sit\u00faan sus problemas personales y legales principalmente entre 2019 y 2021.<\/p>\n\n\n\n<figure class=\"wp-block-image size-large\"><img src=\"https:\/\/acentofinal.xyz\/wp-content\/uploads\/2026\/09\/Captura-de-pantalla-2026-08-31-a-las-10.24.46-a.-m-505x1024.png\" alt=\"\" class=\"wp-image-5332\"\/><\/figure>\n\n\n\n<p>Una publicaci\u00f3n de 2024 indic\u00f3 que aparentemente continuaba viviendo en la zona de Hailsham, East Sussex, llevando una vida mucho m\u00e1s privada y alejada de la atenci\u00f3n que recibi\u00f3 cuando era adolescente.<\/p>\n\n\n\n<p>Sin embargo, no existen suficientes fuentes period\u00edsticas recientes y fiables que permitan afirmar cu\u00e1l es su situaci\u00f3n personal, laboral o sentimental exacta en 2026.<\/p>\n\n\n\n<p>Por esa raz\u00f3n, ser\u00eda incorrecto asegurar que contin\u00faa teniendo actualmente los mismos problemas de alcohol que fueron documentados a\u00f1os atr\u00e1s.<\/p>\n\n\n\n<p>Lo que s\u00ed est\u00e1 claro es que desapareci\u00f3 pr\u00e1cticamente por completo del foco medi\u00e1tico que hab\u00eda marcado su adolescencia.<\/p>\n\n\n\n<p>\u00bfQu\u00e9 pas\u00f3 con Chantelle y con Maisie?<br>La informaci\u00f3n reciente sobre Chantelle Steadman es considerablemente m\u00e1s limitada. Despu\u00e9s del enorme inter\u00e9s que gener\u00f3 el nacimiento de su hija y de confirmarse qui\u00e9n era el verdadero padre, su presencia en los grandes medios disminuy\u00f3 notablemente.<\/p>\n\n\n\n<p>Tampoco existe suficiente informaci\u00f3n p\u00fablica verificable para describir con precisi\u00f3n c\u00f3mo es actualmente su vida o la de Maisie.<\/p>\n\n\n\n<p>Y existe una raz\u00f3n adicional para ser prudentes: Maisie fue una menor involuntariamente expuesta a una enorme cobertura medi\u00e1tica desde el momento de su nacimiento.<\/p>\n\n\n\n<p>Naci\u00f3 el 9 de febrero de 2009, por lo que en 2026 ya tiene 17 a\u00f1os.<\/p>\n\n\n\n<p>\u00bfY Tyler Barker, el verdadero padre?<br>Tyler Barker termin\u00f3 ocupando un lugar mucho m\u00e1s discreto en la historia. Las pruebas realizadas en 2009 establecieron que \u00e9l era el padre biol\u00f3gico de Maisie. En aquel momento tambi\u00e9n era menor de edad.<\/p>\n\n\n\n<p>Despu\u00e9s de la enorme atenci\u00f3n inicial, pr\u00e1cticamente desapareci\u00f3 de los grandes medios. Actualmente no existe informaci\u00f3n p\u00fablica reciente suficientemente s\u00f3lida que permita describir con seguridad c\u00f3mo vive o cu\u00e1l es su relaci\u00f3n actual con Chantelle y su hija.<\/p>\n\n\n\n<p>Una historia mucho m\u00e1s compleja de lo que mostraban los titulares<br>Durante a\u00f1os, el caso fue recordado simplemente como la historia del supuesto \u201cpadre m\u00e1s joven del Reino Unido\u201d.<\/p>\n\n\n\n<p>Pero detr\u00e1s del titular hab\u00eda tres adolescentes y una beb\u00e9 sometidos a una exposici\u00f3n p\u00fablica extraordinaria. Incluso la Justicia brit\u00e1nica intervino para establecer restricciones sobre la cobertura del caso y proteger a los menores involucrados.<\/p>\n\n\n\n<p>Alfie pas\u00f3 de ser presentado mundialmente como un padre adolescente a descubrir pocas semanas despu\u00e9s que la ni\u00f1a que cre\u00eda suya no era su hija biol\u00f3gica.<\/p>\n\n\n\n<p>A\u00f1os m\u00e1s tarde, su nombre regresar\u00eda a los peri\u00f3dicos por razones completamente diferentes: problemas con el alcohol, dificultades econ\u00f3micas y conflictos con la justicia.<\/p>\n\n\n\n<p>Chantelle y Tyler, en cambio, pr\u00e1cticamente desaparecieron de la atenci\u00f3n p\u00fablica.<\/p>\n\n\n\n<p>\u00bfPuede una exposici\u00f3n tan temprana cambiar una vida?<br>El caso tambi\u00e9n deja una pregunta que sigue siendo relevante en la era de las redes sociales. Cuando ocurri\u00f3 todo esto, Facebook apenas comenzaba su expansi\u00f3n mundial, Instagram todav\u00eda no exist\u00eda y TikTok estaba muy lejos de aparecer.<\/p>\n\n\n\n<figure class=\"wp-block-image size-large\"><img src=\"https:\/\/acentofinal.xyz\/wp-content\/uploads\/2026\/09\/Captura-de-pantalla-2026-08-31-a-las-1.36.06-p.-m-768x1155-1-681x1024.png\" alt=\"\" class=\"wp-image-5331\"\/><\/figure>\n\n\n\n<p>Aun as\u00ed, las fotograf\u00edas y videos de aquellos adolescentes recorrieron el planeta en cuesti\u00f3n de d\u00edas. Hoy, una historia semejante podr\u00eda alcanzar a millones de personas en pocas horas.<\/p>\n\n\n\n<p>El caso de Alfie, Chantelle y Maisie recuerda que detr\u00e1s de cada noticia viral existen personas reales y que la fama repentina especialmente cuando involucra a menores\u2014 puede dejar consecuencias mucho despu\u00e9s de que el p\u00fablico haya pasado a la siguiente historia.<\/p>\n\n\n\n<p>M\u00e1s de 17 a\u00f1os despu\u00e9s, aquellas fotograf\u00edas todav\u00eda circulan por internet, pero gran parte de sus protagonistas ha optado o conseguido mantenerse lejos de las c\u00e1maras.<\/p>\n\n\n\n<p>Y quiz\u00e1 ese sea el cambio m\u00e1s significativo de todos: una familia que alguna vez estuvo bajo la mirada de millones de personas ahora mantiene buena parte de su vida fuera del conocimiento p\u00fablico.<\/p>\n","protected":false},"excerpt":{"rendered":"<p>En el a\u00f1o 2009, una historia procedente de Inglaterra dio la vuelta al mundo en cuesti\u00f3n de d\u00edas, las fotograf\u00edas mostraban a dos adolescentes junto a una beb\u00e9 reci\u00e9n nacida y los titulares presentaban a Alfie Patten como uno de los padres m\u00e1s j\u00f3venes del Reino Unido. \u00c9l ten\u00eda apenas 13 a\u00f1os cuando naci\u00f3 la [&hellip;]<\/p>\n","protected":false},"author":1,"featured_media":3706,"comment_status":"open","ping_status":"open","sticky":false,"template":"","format":"standard","meta":[],"categories":[1],"tags":[],"_links":{"self":[{"href":"https:\/\/r.unv-informacion.xyz\/index.php?rest_route=\/wp\/v2\/posts\/3704"}],"collection":[{"href":"https:\/\/r.unv-informacion.xyz\/index.php?rest_route=\/wp\/v2\/posts"}],"about":[{"href":"https:\/\/r.unv-informacion.xyz\/index.php?rest_route=\/wp\/v2\/types\/post"}],"author":[{"embeddable":true,"href":"https:\/\/r.unv-informacion.xyz\/index.php?rest_route=\/wp\/v2\/users\/1"}],"replies":[{"embeddable":true,"href":"https:\/\/r.unv-informacion.xyz\/index.php?rest_route=%2Fwp%2Fv2%2Fcomments&post=3704"}],"version-history":[{"count":1,"href":"https:\/\/r.unv-informacion.xyz\/index.php?rest_route=\/wp\/v2\/posts\/3704\/revisions"}],"predecessor-version":[{"id":3707,"href":"https:\/\/r.unv-informacion.xyz\/index.php?rest_route=\/wp\/v2\/posts\/3704\/revisions\/3707"}],"wp:featuredmedia":[{"embeddable":true,"href":"https:\/\/r.unv-informacion.xyz\/index.php?rest_route=\/wp\/v2\/media\/3706"}],"wp:attachment":[{"href":"https:\/\/r.unv-informacion.xyz\/index.php?rest_route=%2Fwp%2Fv2%2Fmedia&parent=3704"}],"wp:term":[{"taxonomy":"category","embeddable":true,"href":"https:\/\/r.unv-informacion.xyz\/index.php?rest_route=%2Fwp%2Fv2%2Fcategories&post=3704"},{"taxonomy":"post_tag","embeddable":true,"href":"https:\/\/r.unv-informacion.xyz\/index.php?rest_route=%2Fwp%2Fv2%2Ftags&post=3704"}],"curies":[{"name":"wp","href":"https:\/\/api.w.org\/{rel}","templated":true}]}}